{"id":1673,"date":"2021-10-08T22:36:51","date_gmt":"2021-10-08T22:36:51","guid":{"rendered":"https:\/\/erreqerremadrid.com\/?p=1673"},"modified":"2021-10-08T22:45:03","modified_gmt":"2021-10-08T22:45:03","slug":"cual-es-el-origen-del-tartar-de-atun-rojo","status":"publish","type":"post","link":"https:\/\/erreqerremadrid.com\/en\/cual-es-el-origen-del-tartar-de-atun-rojo\/","title":{"rendered":"\u00bfCu\u00e1l es el origen del Tartar de At\u00fan Rojo?"},"content":{"rendered":"<h1 class=\"wp-block-heading\">\u00bfCu\u00e1l es el origen del Tartar de At\u00fan Rojo?<\/h1>\n\n\n\n<p>El t\u00e9rmino \u201ctartar\u201d viene del franc\u00e9s y hace referencia a la carne o pescado picado bien fino y crudo. El origen exacto de esta exquisitez se ha perdido con el paso del tiempo. Pero teor\u00edas s\u00ed que hay, y muchas, sobre c\u00f3mo y cu\u00e1ndo surgi\u00f3 esta delicia. \u00a0Qu\u00e9date y descubre mas sobre el Tartar de At\u00fan rojo.<\/p>\n\n\n\n<p>Una de ellas es la que ubica su creaci\u00f3n en Asia. Los jinetes t\u00e1rtaros ten\u00edan por costumbre colocar carne bajo la silla de sus caballos. Ah\u00ed la dejaban hasta que estuviera lo suficientemente blanda como para poder comerla.<\/p>\n\n\n\n<p>Pero, a pesar de lo mucho que nos gusta atribuirles a los asi\u00e1ticos todo lo que incluya carnes crudas, no es esta la teor\u00eda que parece m\u00e1s probable. La mayor\u00eda se\u00f1ala a los habitantes de la Polinesia francesa como sus creadores. En esta regi\u00f3n eran muy dados a consumir varios platos que inclu\u00edan carnes o pescados crudos, entre ellas el tartar.<\/p>\n\n\n\n<p>Ya luego con el tiempo fue importada a Francia donde se populariz\u00f3 a manos del famoso chef Auguste Escoffier quien le incorpor\u00f3 la salsa t\u00e1rtara.<\/p>\n\n\n\n<h1 class=\"wp-block-heading\">De las carnes al at\u00fan\u2026 y de los restaurantes a las artes\u2026<\/h1>\n\n\n\n<p>Ya fuera a manos de los t\u00e1rtaros o de los franceses, fue una receta creada para las carnes sin dudas. Sus principales protagonistas fueron los vacunos y venados durante mucho tiempo.<\/p>\n\n\n\n<p>Pero en la d\u00e9cada de los 90\u2019 cuando la crisis de las vacas locas, el pescado como el salm\u00f3n y el at\u00fan, supieron conquistar su lugar en esta elaboraci\u00f3n ganando much\u00edsima popularidad con su sabor y textura.<\/p>\n\n\n\n<p>Este platillo no solo es polifac\u00e9tico por ser una f\u00f3rmula que lo mismo funciona para carnes que para pescados, sino que ha hecho sus incursiones en las artes, apareciendo tanto en obras literarias como en el cine y la televisi\u00f3n. Tal es el caso de:<\/p>\n\n\n\n<ul class=\"wp-block-list\"><li>\u201cEl Conde de Montecristo\u201d de Victor Hugo<\/li><li>\u201cMiguel Strofoff\u201d de Julio Verne<\/li><li>\u201cWall Street\u201d del director Oliver Stone<\/li><li>y hasta en un cap\u00edtulo de la serie \u201dMr Bean\u201d!<\/li><\/ul>\n\n\n\n<h1 class=\"wp-block-heading\">Nuestro Tartar de At\u00fan Rojo<\/h1>\n\n\n\n<p>Al tratarse de un plato que se sirve fr\u00edo se convierte en uno de los entrantes m\u00e1s refrescantes. Es por esto que es ideal para consumir en el verano en nuestra terraza acompa\u00f1ado de una copita de vino. Aunque en realidad cualquier \u00e9poca del a\u00f1o es apropiada para degustar este entrante glamuroso de nuestro bar.<\/p>\n\n\n\n<p>Despu\u00e9s de leer todo nuestro art\u00edculo ya est\u00e1s listo para probar nuestro tartar de at\u00fan rojo. As\u00ed que te estamos esperando en Erre Q Erre La Latina, en la calle Cava Baja n\u00famero 24 del barrio La Latina, distrito Centro.<\/p>","protected":false},"excerpt":{"rendered":"<p>\u00bfCu\u00e1l es el origen del Tartar de At\u00fan Rojo? El t\u00e9rmino \u201ctartar\u201d viene del franc\u00e9s y hace referencia a la carne o pescado picado bien fino y crudo. El origen exacto de esta exquisitez se ha perdido con el paso del tiempo. Pero teor\u00edas s\u00ed que hay, y muchas, sobre c\u00f3mo y cu\u00e1ndo surgi\u00f3 esta &#8230; <a title=\"\u00bfCu\u00e1l es el origen del Tartar de At\u00fan Rojo?\" class=\"read-more\" href=\"https:\/\/erreqerremadrid.com\/en\/cual-es-el-origen-del-tartar-de-atun-rojo\/\" aria-label=\"More on \u00bfCu\u00e1l es el origen del Tartar de At\u00fan Rojo?\">Read more<\/a><\/p>","protected":false},"author":1,"featured_media":646,"comment_status":"open","ping_status":"open","sticky":false,"template":"","format":"standard","meta":{"footnotes":""},"categories":[3],"tags":[],"class_list":["post-1673","post","type-post","status-publish","format-standard","has-post-thumbnail","hentry","category-barrio-la-latina"],"yoast_head":"<!-- This site is optimized with the Yoast SEO plugin v19.9 - https:\/\/yoast.com\/wordpress\/plugins\/seo\/ -->\n<title>\u00bfCu\u00e1l es el origen del Tartar de At\u00fan Rojo? - Bares<\/title>\n<meta name=\"description\" content=\"Descubre cual es el Origen de este plato tan exquisito que es el Tartar de At\u00fan Rojo. Entra ya y de paso mira nuestra especialidad.\" \/>\n<meta name=\"robots\" content=\"index, follow, max-snippet:-1, max-image-preview:large, max-video-preview:-1\" \/>\n<link rel=\"canonical\" href=\"https:\/\/erreqerremadrid.com\/en\/cual-es-el-origen-del-tartar-de-atun-rojo\/\" \/>\n<meta property=\"og:locale\" content=\"en_US\" \/>\n<meta property=\"og:type\" content=\"article\" \/>\n<meta property=\"og:title\" content=\"\u00bfCu\u00e1l es el origen del Tartar de At\u00fan Rojo? - Bares\" \/>\n<meta property=\"og:description\" content=\"Descubre cual es el Origen de este plato tan exquisito que es el Tartar de At\u00fan Rojo. Entra ya y de paso mira nuestra especialidad.\" \/>\n<meta property=\"og:url\" content=\"https:\/\/erreqerremadrid.com\/en\/cual-es-el-origen-del-tartar-de-atun-rojo\/\" \/>\n<meta property=\"article:published_time\" content=\"2021-10-08T22:36:51+00:00\" \/>\n<meta property=\"article:modified_time\" content=\"2021-10-08T22:45:03+00:00\" \/>\n<meta property=\"og:image\" content=\"https:\/\/erreqerremadrid.com\/wp-content\/uploads\/2020\/12\/tartar-de-atun-erre-q-erre-la-latina.png\" \/>\n\t<meta property=\"og:image:width\" content=\"800\" \/>\n\t<meta property=\"og:image:height\" content=\"750\" \/>\n\t<meta property=\"og:image:type\" content=\"image\/png\" \/>\n<meta name=\"author\" content=\"admin\" \/>\n<meta name=\"twitter:card\" content=\"summary_large_image\" \/>\n<meta name=\"twitter:label1\" content=\"Written by\" \/>\n\t<meta name=\"twitter:data1\" content=\"admin\" \/>\n\t<meta name=\"twitter:label2\" content=\"Est. reading time\" \/>\n\t<meta name=\"twitter:data2\" content=\"2 minutes\" \/>\n<script type=\"application\/ld+json\" class=\"yoast-schema-graph\">{\"@context\":\"https:\/\/schema.org\",\"@graph\":[{\"@type\":\"Article\",\"@id\":\"https:\/\/erreqerremadrid.com\/cual-es-el-origen-del-tartar-de-atun-rojo\/#article\",\"isPartOf\":{\"@id\":\"https:\/\/erreqerremadrid.com\/cual-es-el-origen-del-tartar-de-atun-rojo\/\"},\"author\":{\"name\":\"admin\",\"@id\":\"https:\/\/erreqerremadrid.com\/#\/schema\/person\/cebe4d03f3861c2ba1b921cdbfa2ea9f\"},\"headline\":\"\u00bfCu\u00e1l es el origen del Tartar de At\u00fan Rojo?\",\"datePublished\":\"2021-10-08T22:36:51+00:00\",\"dateModified\":\"2021-10-08T22:45:03+00:00\",\"mainEntityOfPage\":{\"@id\":\"https:\/\/erreqerremadrid.com\/cual-es-el-origen-del-tartar-de-atun-rojo\/\"},\"wordCount\":493,\"commentCount\":0,\"publisher\":{\"@id\":\"https:\/\/erreqerremadrid.com\/#organization\"},\"articleSection\":[\"Barrio La Latina\"],\"inLanguage\":\"en-US\"},{\"@type\":\"WebPage\",\"@id\":\"https:\/\/erreqerremadrid.com\/cual-es-el-origen-del-tartar-de-atun-rojo\/\",\"url\":\"https:\/\/erreqerremadrid.com\/cual-es-el-origen-del-tartar-de-atun-rojo\/\",\"name\":\"\u00bfCu\u00e1l es el origen del Tartar de At\u00fan Rojo? - Bares\",\"isPartOf\":{\"@id\":\"https:\/\/erreqerremadrid.com\/#website\"},\"datePublished\":\"2021-10-08T22:36:51+00:00\",\"dateModified\":\"2021-10-08T22:45:03+00:00\",\"description\":\"Descubre cual es el Origen de este plato tan exquisito que es el Tartar de At\u00fan Rojo. Entra ya y de paso mira nuestra especialidad.\",\"breadcrumb\":{\"@id\":\"https:\/\/erreqerremadrid.com\/cual-es-el-origen-del-tartar-de-atun-rojo\/#breadcrumb\"},\"inLanguage\":\"en-US\",\"potentialAction\":[{\"@type\":\"ReadAction\",\"target\":[\"https:\/\/erreqerremadrid.com\/cual-es-el-origen-del-tartar-de-atun-rojo\/\"]}]},{\"@type\":\"BreadcrumbList\",\"@id\":\"https:\/\/erreqerremadrid.com\/cual-es-el-origen-del-tartar-de-atun-rojo\/#breadcrumb\",\"itemListElement\":[{\"@type\":\"ListItem\",\"position\":1,\"name\":\"Portada\",\"item\":\"https:\/\/erreqerremadrid.com\/\"},{\"@type\":\"ListItem\",\"position\":2,\"name\":\"\u00bfCu\u00e1l es el origen del Tartar de At\u00fan Rojo?\"}]},{\"@type\":\"WebSite\",\"@id\":\"https:\/\/erreqerremadrid.com\/#website\",\"url\":\"https:\/\/erreqerremadrid.com\/\",\"name\":\"\",\"description\":\"\",\"publisher\":{\"@id\":\"https:\/\/erreqerremadrid.com\/#organization\"},\"potentialAction\":[{\"@type\":\"SearchAction\",\"target\":{\"@type\":\"EntryPoint\",\"urlTemplate\":\"https:\/\/erreqerremadrid.com\/?s={search_term_string}\"},\"query-input\":\"required name=search_term_string\"}],\"inLanguage\":\"en-US\"},{\"@type\":\"Organization\",\"@id\":\"https:\/\/erreqerremadrid.com\/#organization\",\"name\":\"Erre Que Erre\",\"url\":\"https:\/\/erreqerremadrid.com\/\",\"logo\":{\"@type\":\"ImageObject\",\"inLanguage\":\"en-US\",\"@id\":\"https:\/\/erreqerremadrid.com\/#\/schema\/logo\/image\/\",\"url\":\"https:\/\/erreqerremadrid.com\/wp-content\/uploads\/2020\/12\/logo-1.png\",\"contentUrl\":\"https:\/\/erreqerremadrid.com\/wp-content\/uploads\/2020\/12\/logo-1.png\",\"width\":560,\"height\":182,\"caption\":\"Erre Que Erre\"},\"image\":{\"@id\":\"https:\/\/erreqerremadrid.com\/#\/schema\/logo\/image\/\"}},{\"@type\":\"Person\",\"@id\":\"https:\/\/erreqerremadrid.com\/#\/schema\/person\/cebe4d03f3861c2ba1b921cdbfa2ea9f\",\"name\":\"admin\",\"image\":{\"@type\":\"ImageObject\",\"inLanguage\":\"en-US\",\"@id\":\"https:\/\/erreqerremadrid.com\/#\/schema\/person\/image\/\",\"url\":\"https:\/\/secure.gravatar.com\/avatar\/106ba5b350df93d033ee242f3dd41c25d6cd369b02e6a20fadcb562e559e5caa?s=96&d=mm&r=g\",\"contentUrl\":\"https:\/\/secure.gravatar.com\/avatar\/106ba5b350df93d033ee242f3dd41c25d6cd369b02e6a20fadcb562e559e5caa?s=96&d=mm&r=g\",\"caption\":\"admin\"},\"sameAs\":[\"http:\/\/erreqerremadrid.com\"]}]}<\/script>\n<!-- \/ Yoast SEO plugin. -->","yoast_head_json":{"title":"\u00bfCu\u00e1l es el origen del Tartar de At\u00fan Rojo? - Bares","description":"Descubre cual es el Origen de este plato tan exquisito que es el Tartar de At\u00fan Rojo. Entra ya y de paso mira nuestra especialidad.","robots":{"index":"index","follow":"follow","max-snippet":"max-snippet:-1","max-image-preview":"max-image-preview:large","max-video-preview":"max-video-preview:-1"},"canonical":"https:\/\/erreqerremadrid.com\/en\/cual-es-el-origen-del-tartar-de-atun-rojo\/","og_locale":"en_US","og_type":"article","og_title":"\u00bfCu\u00e1l es el origen del Tartar de At\u00fan Rojo? - Bares","og_description":"Descubre cual es el Origen de este plato tan exquisito que es el Tartar de At\u00fan Rojo. Entra ya y de paso mira nuestra especialidad.","og_url":"https:\/\/erreqerremadrid.com\/en\/cual-es-el-origen-del-tartar-de-atun-rojo\/","article_published_time":"2021-10-08T22:36:51+00:00","article_modified_time":"2021-10-08T22:45:03+00:00","og_image":[{"width":800,"height":750,"url":"https:\/\/erreqerremadrid.com\/wp-content\/uploads\/2020\/12\/tartar-de-atun-erre-q-erre-la-latina.png","type":"image\/png"}],"author":"admin","twitter_card":"summary_large_image","twitter_misc":{"Written by":"admin","Est. reading time":"2 minutes"},"schema":{"@context":"https:\/\/schema.org","@graph":[{"@type":"Article","@id":"https:\/\/erreqerremadrid.com\/cual-es-el-origen-del-tartar-de-atun-rojo\/#article","isPartOf":{"@id":"https:\/\/erreqerremadrid.com\/cual-es-el-origen-del-tartar-de-atun-rojo\/"},"author":{"name":"admin","@id":"https:\/\/erreqerremadrid.com\/#\/schema\/person\/cebe4d03f3861c2ba1b921cdbfa2ea9f"},"headline":"\u00bfCu\u00e1l es el origen del Tartar de At\u00fan Rojo?","datePublished":"2021-10-08T22:36:51+00:00","dateModified":"2021-10-08T22:45:03+00:00","mainEntityOfPage":{"@id":"https:\/\/erreqerremadrid.com\/cual-es-el-origen-del-tartar-de-atun-rojo\/"},"wordCount":493,"commentCount":0,"publisher":{"@id":"https:\/\/erreqerremadrid.com\/#organization"},"articleSection":["Barrio La Latina"],"inLanguage":"en-US"},{"@type":"WebPage","@id":"https:\/\/erreqerremadrid.com\/cual-es-el-origen-del-tartar-de-atun-rojo\/","url":"https:\/\/erreqerremadrid.com\/cual-es-el-origen-del-tartar-de-atun-rojo\/","name":"\u00bfCu\u00e1l es el origen del Tartar de At\u00fan Rojo? - Bares","isPartOf":{"@id":"https:\/\/erreqerremadrid.com\/#website"},"datePublished":"2021-10-08T22:36:51+00:00","dateModified":"2021-10-08T22:45:03+00:00","description":"Descubre cual es el Origen de este plato tan exquisito que es el Tartar de At\u00fan Rojo. Entra ya y de paso mira nuestra especialidad.","breadcrumb":{"@id":"https:\/\/erreqerremadrid.com\/cual-es-el-origen-del-tartar-de-atun-rojo\/#breadcrumb"},"inLanguage":"en-US","potentialAction":[{"@type":"ReadAction","target":["https:\/\/erreqerremadrid.com\/cual-es-el-origen-del-tartar-de-atun-rojo\/"]}]},{"@type":"BreadcrumbList","@id":"https:\/\/erreqerremadrid.com\/cual-es-el-origen-del-tartar-de-atun-rojo\/#breadcrumb","itemListElement":[{"@type":"ListItem","position":1,"name":"Portada","item":"https:\/\/erreqerremadrid.com\/"},{"@type":"ListItem","position":2,"name":"\u00bfCu\u00e1l es el origen del Tartar de At\u00fan Rojo?"}]},{"@type":"WebSite","@id":"https:\/\/erreqerremadrid.com\/#website","url":"https:\/\/erreqerremadrid.com\/","name":"","description":"","publisher":{"@id":"https:\/\/erreqerremadrid.com\/#organization"},"potentialAction":[{"@type":"SearchAction","target":{"@type":"EntryPoint","urlTemplate":"https:\/\/erreqerremadrid.com\/?s={search_term_string}"},"query-input":"required name=search_term_string"}],"inLanguage":"en-US"},{"@type":"Organization","@id":"https:\/\/erreqerremadrid.com\/#organization","name":"Erre Que Erre","url":"https:\/\/erreqerremadrid.com\/","logo":{"@type":"ImageObject","inLanguage":"en-US","@id":"https:\/\/erreqerremadrid.com\/#\/schema\/logo\/image\/","url":"https:\/\/erreqerremadrid.com\/wp-content\/uploads\/2020\/12\/logo-1.png","contentUrl":"https:\/\/erreqerremadrid.com\/wp-content\/uploads\/2020\/12\/logo-1.png","width":560,"height":182,"caption":"Erre Que Erre"},"image":{"@id":"https:\/\/erreqerremadrid.com\/#\/schema\/logo\/image\/"}},{"@type":"Person","@id":"https:\/\/erreqerremadrid.com\/#\/schema\/person\/cebe4d03f3861c2ba1b921cdbfa2ea9f","name":"admin","image":{"@type":"ImageObject","inLanguage":"en-US","@id":"https:\/\/erreqerremadrid.com\/#\/schema\/person\/image\/","url":"https:\/\/secure.gravatar.com\/avatar\/106ba5b350df93d033ee242f3dd41c25d6cd369b02e6a20fadcb562e559e5caa?s=96&d=mm&r=g","contentUrl":"https:\/\/secure.gravatar.com\/avatar\/106ba5b350df93d033ee242f3dd41c25d6cd369b02e6a20fadcb562e559e5caa?s=96&d=mm&r=g","caption":"admin"},"sameAs":["http:\/\/erreqerremadrid.com"]}]}},"_links":{"self":[{"href":"https:\/\/erreqerremadrid.com\/en\/wp-json\/wp\/v2\/posts\/1673","targetHints":{"allow":["GET"]}}],"collection":[{"href":"https:\/\/erreqerremadrid.com\/en\/wp-json\/wp\/v2\/posts"}],"about":[{"href":"https:\/\/erreqerremadrid.com\/en\/wp-json\/wp\/v2\/types\/post"}],"author":[{"embeddable":true,"href":"https:\/\/erreqerremadrid.com\/en\/wp-json\/wp\/v2\/users\/1"}],"replies":[{"embeddable":true,"href":"https:\/\/erreqerremadrid.com\/en\/wp-json\/wp\/v2\/comments?post=1673"}],"version-history":[{"count":3,"href":"https:\/\/erreqerremadrid.com\/en\/wp-json\/wp\/v2\/posts\/1673\/revisions"}],"predecessor-version":[{"id":1679,"href":"https:\/\/erreqerremadrid.com\/en\/wp-json\/wp\/v2\/posts\/1673\/revisions\/1679"}],"wp:featuredmedia":[{"embeddable":true,"href":"https:\/\/erreqerremadrid.com\/en\/wp-json\/wp\/v2\/media\/646"}],"wp:attachment":[{"href":"https:\/\/erreqerremadrid.com\/en\/wp-json\/wp\/v2\/media?parent=1673"}],"wp:term":[{"taxonomy":"category","embeddable":true,"href":"https:\/\/erreqerremadrid.com\/en\/wp-json\/wp\/v2\/categories?post=1673"},{"taxonomy":"post_tag","embeddable":true,"href":"https:\/\/erreqerremadrid.com\/en\/wp-json\/wp\/v2\/tags?post=1673"}],"curies":[{"name":"wp","href":"https:\/\/api.w.org\/{rel}","templated":true}]}}